{"id":621,"date":"2022-05-03T16:37:16","date_gmt":"2022-05-03T14:37:16","guid":{"rendered":"http:\/\/trentengermusek.org\/new\/?p=621"},"modified":"2022-05-03T16:46:38","modified_gmt":"2022-05-03T14:46:38","slug":"galaconcert-2022","status":"publish","type":"post","link":"http:\/\/trentengermusek.org\/new\/2022\/05\/03\/galaconcert-2022\/","title":{"rendered":"Galaconcert 2022"},"content":{"rendered":"<p>No zwee Joer Paus, hu mir d\u00e9i grouss Freed Iech op eise Galaconcert Sonndes, den 15. Mee um 17.00 Auer op Waldbriedemes an de Centre Culturel Jos Rennel ze invit\u00e9ieren. D\u00ebst Joer steet de Concert \u00ebnnert dem Motto &#8222;Queesch duerch de Gaart&#8220;. D&#8217;musikalesch Leedung huet de J\u00e9r\u00f4me Theis.<\/p>\n<p>Fir den Duscht an ee klengen Maufel ass gesuergt.<\/p>\n<p>Den Entr\u00e9e fir d\u00ebse Concert ass selbstverst\u00e4ndech fr\u00e4i.<\/p>\n<p><a href=\"http:\/\/trentengermusek.org\/new\/wp-content\/uploads\/2022\/05\/Flyer_Galaconcert-2022.jpg\" data-elementor-open-lightbox=\"default\"><br \/>\n<img loading=\"lazy\" decoding=\"async\" src=\"http:\/\/trentengermusek.org\/new\/wp-content\/uploads\/2022\/05\/Flyer_Galaconcert-2022-727x1024.jpg\" sizes=\"auto, (max-width: 727px) 100vw, 727px\" srcset=\"http:\/\/trentengermusek.org\/new\/wp-content\/uploads\/2022\/05\/Flyer_Galaconcert-2022-727x1024.jpg 727w, http:\/\/trentengermusek.org\/new\/wp-content\/uploads\/2022\/05\/Flyer_Galaconcert-2022-213x300.jpg 213w, http:\/\/trentengermusek.org\/new\/wp-content\/uploads\/2022\/05\/Flyer_Galaconcert-2022-768x1081.jpg 768w, http:\/\/trentengermusek.org\/new\/wp-content\/uploads\/2022\/05\/Flyer_Galaconcert-2022-830x1169.jpg 830w, http:\/\/trentengermusek.org\/new\/wp-content\/uploads\/2022\/05\/Flyer_Galaconcert-2022-230x324.jpg 230w, http:\/\/trentengermusek.org\/new\/wp-content\/uploads\/2022\/05\/Flyer_Galaconcert-2022-350x493.jpg 350w, http:\/\/trentengermusek.org\/new\/wp-content\/uploads\/2022\/05\/Flyer_Galaconcert-2022-480x676.jpg 480w, http:\/\/trentengermusek.org\/new\/wp-content\/uploads\/2022\/05\/Flyer_Galaconcert-2022.jpg 1137w\" alt=\"\" width=\"727\" height=\"1024\" \/> <\/a><br \/>\n<a href=\"http:\/\/trentengermusek.org\/new\/wp-content\/uploads\/2022\/05\/Flyer_Galaconcert-20222.jpg\" data-elementor-open-lightbox=\"default\"><br \/>\n<img loading=\"lazy\" decoding=\"async\" src=\"http:\/\/trentengermusek.org\/new\/wp-content\/uploads\/2022\/05\/Flyer_Galaconcert-20222-727x1024.jpg\" sizes=\"auto, (max-width: 727px) 100vw, 727px\" srcset=\"http:\/\/trentengermusek.org\/new\/wp-content\/uploads\/2022\/05\/Flyer_Galaconcert-20222-727x1024.jpg 727w, http:\/\/trentengermusek.org\/new\/wp-content\/uploads\/2022\/05\/Flyer_Galaconcert-20222-213x300.jpg 213w, http:\/\/trentengermusek.org\/new\/wp-content\/uploads\/2022\/05\/Flyer_Galaconcert-20222-768x1081.jpg 768w, http:\/\/trentengermusek.org\/new\/wp-content\/uploads\/2022\/05\/Flyer_Galaconcert-20222-830x1169.jpg 830w, http:\/\/trentengermusek.org\/new\/wp-content\/uploads\/2022\/05\/Flyer_Galaconcert-20222-230x324.jpg 230w, http:\/\/trentengermusek.org\/new\/wp-content\/uploads\/2022\/05\/Flyer_Galaconcert-20222-350x493.jpg 350w, http:\/\/trentengermusek.org\/new\/wp-content\/uploads\/2022\/05\/Flyer_Galaconcert-20222-480x676.jpg 480w, http:\/\/trentengermusek.org\/new\/wp-content\/uploads\/2022\/05\/Flyer_Galaconcert-20222.jpg 1137w\" alt=\"\" width=\"727\" height=\"1024\" \/> <\/a><br \/>\n<a href=\"http:\/\/trentengermusek.org\/new\/wp-content\/uploads\/2022\/05\/Flyer_Galaconcert-2022_WEB.pdf\" target=\"_blank\" rel=\"noopener\"><br \/>\nDownload vum Flyer<br \/>\n<\/a><br \/>\n<a href=\"https:\/\/instagram.com\/trentenger_musek?igshid=YmMyMTA2M2Y=\" target=\"_blank\" rel=\"noopener\"><br \/>\n<\/a><br \/>\n<a href=\"https:\/\/www.facebook.com\/pages\/category\/Musician-band\/Trentenger-Musek-53170402425\/\" target=\"_blank\" rel=\"noopener\"><br \/>\n<\/a><\/p>\n","protected":false},"excerpt":{"rendered":"<p>No zwee Joer Paus, hu mir d\u00e9i grouss Freed Iech op eise Galaconcert Sonndes, den 15. Mee um 17.00 Auer op Waldbriedemes an de Centre Culturel Jos Rennel ze invit\u00e9ieren. D\u00ebst Joer steet de Concert \u00ebnnert dem Motto &#8222;Queesch duerch de Gaart&#8220;. D&#8217;musikalesch Leedung huet de J\u00e9r\u00f4me Theis. Fir den Duscht an ee klengen Maufel \u2026<\/p>\n","protected":false},"author":1,"featured_media":628,"comment_status":"closed","ping_status":"closed","sticky":false,"template":"","format":"standard","meta":{"footnotes":""},"categories":[3,5],"tags":[],"class_list":["post-621","post","type-post","status-publish","format-standard","has-post-thumbnail","hentry","category-news","category-newsmanifestatioun"],"_links":{"self":[{"href":"http:\/\/trentengermusek.org\/new\/wp-json\/wp\/v2\/posts\/621","targetHints":{"allow":["GET"]}}],"collection":[{"href":"http:\/\/trentengermusek.org\/new\/wp-json\/wp\/v2\/posts"}],"about":[{"href":"http:\/\/trentengermusek.org\/new\/wp-json\/wp\/v2\/types\/post"}],"author":[{"embeddable":true,"href":"http:\/\/trentengermusek.org\/new\/wp-json\/wp\/v2\/users\/1"}],"replies":[{"embeddable":true,"href":"http:\/\/trentengermusek.org\/new\/wp-json\/wp\/v2\/comments?post=621"}],"version-history":[{"count":4,"href":"http:\/\/trentengermusek.org\/new\/wp-json\/wp\/v2\/posts\/621\/revisions"}],"predecessor-version":[{"id":629,"href":"http:\/\/trentengermusek.org\/new\/wp-json\/wp\/v2\/posts\/621\/revisions\/629"}],"wp:featuredmedia":[{"embeddable":true,"href":"http:\/\/trentengermusek.org\/new\/wp-json\/wp\/v2\/media\/628"}],"wp:attachment":[{"href":"http:\/\/trentengermusek.org\/new\/wp-json\/wp\/v2\/media?parent=621"}],"wp:term":[{"taxonomy":"category","embeddable":true,"href":"http:\/\/trentengermusek.org\/new\/wp-json\/wp\/v2\/categories?post=621"},{"taxonomy":"post_tag","embeddable":true,"href":"http:\/\/trentengermusek.org\/new\/wp-json\/wp\/v2\/tags?post=621"}],"curies":[{"name":"wp","href":"https:\/\/api.w.org\/{rel}","templated":true}]}}