{"id":537,"date":"2020-11-26T19:47:06","date_gmt":"2020-11-26T18:47:06","guid":{"rendered":"http:\/\/trentengermusek.org\/new\/?p=537"},"modified":"2020-12-06T20:57:29","modified_gmt":"2020-12-06T19:57:29","slug":"chreschtconcert-2020","status":"publish","type":"post","link":"http:\/\/trentengermusek.org\/new\/2020\/11\/26\/chreschtconcert-2020\/","title":{"rendered":"Chr\u00ebschtconcert 2020"},"content":{"rendered":"<h2>\n\t\t\t\t\tChr\u00ebschtconcert ofgesot<br \/>\n\t\t\t\t<\/h2>\n<\/p>\n<p>\u00a0 \u00a0 \u00a0 L\u00e9if Fr\u00ebnn vun der Tr\u00ebntenger Musek,<\/p>\n<p>Duerch d\u00e9i aktuell Situatioun ass et eis leider net m\u00e9iglech d\u00ebst Joer eisen traditionelle Chr\u00ebschtconcert, den 13.\u00a0Dezember an der Tr\u00ebntenger Kierch ze spillen an Iech esou a Chr\u00ebschtst\u00ebmmung ze versetzen.<\/p>\n<p>Fir dass Dir d\u00ebst Joer awer net ganz op eis verzichte musst, hu mir op eisem Internetsite ee klenge Programm mat verschiddene St\u00e9cker vun eise leschte Chr\u00ebschtconcert\u2018en fir Iech zesummegestallt. Esou hutt Dir d\u2018M\u00e9iglechkeet Iech awer mat der Tr\u00ebntenger Musek a Chr\u00ebschtst\u00ebmmung versetzen ze loossen.\u00a0Dofir huelt Iech ee Moment Z\u00e4it, leet Iech zr\u00e9ck, a gen\u00e9isst eis Musek bei engem Gliesschen Gl\u00fchw\u00e4in an engem St\u00e9ck Stollen.<\/p>\n<p>Mir hoffen, dass mir Iech am sp\u00e9ide Fr\u00e9ijoer er\u00ebm op engem vun eise Concert\u2018en begr\u00e9isse k\u00ebnnen.\u00a0<\/p>\n<p style=\"text-align: center;\">Mir w\u00ebnschen Iech elo scho sch\u00e9in a bes\u00ebnnlech Chr\u00ebschtdeeg an ee gudde Rutsch an d&#8217;Joer 2021, mat beschter Gesondheet.<\/p>\n<p style=\"text-align: center;\"><em>D&#8217;Musikanten an de Comit\u00e9 vun der Tr\u00ebntenger Musek<\/em><\/p>\n<hr \/>\n<p>\u00a0 \u00a0 Chers amis de la fanfare de Trintange,\u00a0<\/p>\n<p>En raison de la situation actuelle, il n\u2018est malheureusement pas possible de jouer notre traditionnel concert de No\u00ebl, le 13 d\u00e9cembre \u00e0 l\u2018\u00e9glise de Trintange et de vous mettre ainsi dans l\u2018ambiance de No\u00ebl.\u00a0<\/p>\n<p>Pour que vous ne deviez pas vous passer compl\u00e8tement de nous vers la fin de l\u2018ann\u00e9e, nous avons rassembl\u00e9 sur notre site internet une s\u00e9lection de pi\u00e8ces de musique de nos concerts de No\u00ebl pass\u00e9s.\u00a0<\/p>\n<p>Nous esp\u00e9rons vous accueillir \u00e0 nouveau \u00e0 la fin du printemps lors d\u2018un de nos concerts. Restez tous en bonne sant\u00e9 !\u00a0<\/p>\n<p style=\"text-align: center;\">Nous vous souhaitons un joyeux No\u00ebl et une ann\u00e9e 2021 heureuse et saine.<\/p>\n<p style=\"text-align: center;\"><em>Les musiciens et le conseil d&#8217;administration de la fanfare de Trintange<\/em><\/p>\n<p>\t\t\t\t<iframe loading=\"lazy\" width=\"1170\" height=\"450\" scrolling=\"no\" frameborder=\"no\" src=\"https:\/\/w.soundcloud.com\/player\/?visual=false&#038;url=https%3A%2F%2Fapi.soundcloud.com%2Fplaylists%2F1174381618&#038;show_artwork=true&#038;maxwidth=1170&#038;maxheight=1000&#038;auto_play=false&#038;buying=false&#038;liking=true&#038;download=false&#038;sharing=false&#038;show_comments=true&#038;show_playcount=true&#038;show_user=true&#038;color\"><\/iframe><br \/>\n\t\t\t\t\t\t<a href=\"http:\/\/trentengermusek.org\/new\/wp-content\/uploads\/2020\/12\/Flyer_Chreschtconcert-2020.jpg\" data-elementor-open-lightbox=\"default\"><br \/>\n\t\t<img loading=\"lazy\" decoding=\"async\" width=\"1024\" height=\"728\" src=\"http:\/\/trentengermusek.org\/new\/wp-content\/uploads\/2020\/12\/Flyer_Chreschtconcert-2020-1024x728.jpg\" alt=\"\" srcset=\"http:\/\/trentengermusek.org\/new\/wp-content\/uploads\/2020\/12\/Flyer_Chreschtconcert-2020-1024x728.jpg 1024w, http:\/\/trentengermusek.org\/new\/wp-content\/uploads\/2020\/12\/Flyer_Chreschtconcert-2020-300x213.jpg 300w, http:\/\/trentengermusek.org\/new\/wp-content\/uploads\/2020\/12\/Flyer_Chreschtconcert-2020-768x546.jpg 768w, http:\/\/trentengermusek.org\/new\/wp-content\/uploads\/2020\/12\/Flyer_Chreschtconcert-2020-830x590.jpg 830w, http:\/\/trentengermusek.org\/new\/wp-content\/uploads\/2020\/12\/Flyer_Chreschtconcert-2020-230x163.jpg 230w, http:\/\/trentengermusek.org\/new\/wp-content\/uploads\/2020\/12\/Flyer_Chreschtconcert-2020-350x249.jpg 350w, http:\/\/trentengermusek.org\/new\/wp-content\/uploads\/2020\/12\/Flyer_Chreschtconcert-2020-480x341.jpg 480w, http:\/\/trentengermusek.org\/new\/wp-content\/uploads\/2020\/12\/Flyer_Chreschtconcert-2020.jpg 1095w\" sizes=\"auto, (max-width: 1024px) 100vw, 1024px\" \/>\t\t\t\t<\/a><br \/>\n\t\t\t<a href=\"http:\/\/trentengermusek.org\/new\/wp-content\/uploads\/2020\/12\/Flyer_Chreschtconcert-2020_WEB.pdf\" target=\"_blank\"><br \/>\n\t\t\t\t\t\tDownload vum Flyer<br \/>\n\t\t\t\t\t<\/a><\/p>\n","protected":false},"excerpt":{"rendered":"<p>Chr\u00ebschtconcert ofgesot \u00a0 \u00a0 \u00a0 L\u00e9if Fr\u00ebnn vun der Tr\u00ebntenger Musek, Duerch d\u00e9i aktuell Situatioun ass et eis leider net m\u00e9iglech d\u00ebst Joer eisen traditionelle Chr\u00ebschtconcert, den 13.\u00a0Dezember an der Tr\u00ebntenger Kierch ze spillen an Iech esou a Chr\u00ebschtst\u00ebmmung ze versetzen. Fir dass Dir d\u00ebst Joer awer net ganz op eis verzichte musst, hu mir \u2026<\/p>\n","protected":false},"author":1,"featured_media":557,"comment_status":"closed","ping_status":"closed","sticky":false,"template":"","format":"standard","meta":{"footnotes":""},"categories":[5],"tags":[],"class_list":["post-537","post","type-post","status-publish","format-standard","has-post-thumbnail","hentry","category-newsmanifestatioun"],"_links":{"self":[{"href":"http:\/\/trentengermusek.org\/new\/wp-json\/wp\/v2\/posts\/537","targetHints":{"allow":["GET"]}}],"collection":[{"href":"http:\/\/trentengermusek.org\/new\/wp-json\/wp\/v2\/posts"}],"about":[{"href":"http:\/\/trentengermusek.org\/new\/wp-json\/wp\/v2\/types\/post"}],"author":[{"embeddable":true,"href":"http:\/\/trentengermusek.org\/new\/wp-json\/wp\/v2\/users\/1"}],"replies":[{"embeddable":true,"href":"http:\/\/trentengermusek.org\/new\/wp-json\/wp\/v2\/comments?post=537"}],"version-history":[{"count":16,"href":"http:\/\/trentengermusek.org\/new\/wp-json\/wp\/v2\/posts\/537\/revisions"}],"predecessor-version":[{"id":559,"href":"http:\/\/trentengermusek.org\/new\/wp-json\/wp\/v2\/posts\/537\/revisions\/559"}],"wp:featuredmedia":[{"embeddable":true,"href":"http:\/\/trentengermusek.org\/new\/wp-json\/wp\/v2\/media\/557"}],"wp:attachment":[{"href":"http:\/\/trentengermusek.org\/new\/wp-json\/wp\/v2\/media?parent=537"}],"wp:term":[{"taxonomy":"category","embeddable":true,"href":"http:\/\/trentengermusek.org\/new\/wp-json\/wp\/v2\/categories?post=537"},{"taxonomy":"post_tag","embeddable":true,"href":"http:\/\/trentengermusek.org\/new\/wp-json\/wp\/v2\/tags?post=537"}],"curies":[{"name":"wp","href":"https:\/\/api.w.org\/{rel}","templated":true}]}}