{"id":514,"date":"2020-05-31T16:49:42","date_gmt":"2020-05-31T14:49:42","guid":{"rendered":"http:\/\/trentengermusek.org\/new\/?p=514"},"modified":"2020-05-31T22:27:57","modified_gmt":"2020-05-31T20:27:57","slug":"communique","status":"publish","type":"post","link":"http:\/\/trentengermusek.org\/new\/2020\/05\/31\/communique\/","title":{"rendered":"NEIEGKEETEN \/  INFORMATIONS"},"content":{"rendered":"<p>\u00a0 \u00a0 \u00a0 L\u00e9if Fr\u00ebnn vun der Tr\u00ebntenger Musek,<br \/>Mir w\u00ebllen Iech matdeelen, dass et eis duerch d\u00e9i aktuell Situatioun vum Confinement, d\u00ebst Joer leider net m\u00e9iglech ass, fir de Galaconcert, deen den 13. Juni 2020 zu Waldbriedemes geplangt war, k\u00ebnnen ze spillen.\u00a0<\/p>\n<p>Desweideren dierfe mir d\u00ebst Joer och net d\u00e9i 75. Editioun vun eisem traditonelle\u00a0Kiischtefest, de 5. Juli 2020 zu Tr\u00ebnteng, mat Iech zesumme feieren.\u00a0<br \/>Fir dass Dir d\u00ebst Joer awer net op eis Kiischteprodukter verzichte musst, hutt Dir\u00a0d\u2018 M\u00e9iglechkeet eng Auswiel vu Kiischteprodukter bei eis ze bestellen.\u00a0<\/p>\n<p>M\u00e9i Informatioune fannt Dir <a href=\"http:\/\/trentengermusek.org\/new\/2020\/05\/31\/elementor-529\/\" target=\"_blank\" rel=\"noopener\">hei.<\/a><\/p>\n<p>Mir invit\u00e9ieren Iech elo schonn h\u00e4erzlech, fir d\u2018 n\u00e4chst Joer de 4. Juli 2021 mat eis zesummen d\u00e9i 75. Editioun vun eisem Kiischtefest k\u00ebnnen ze feieren.<\/p>\n<p style=\"text-align: center;\">Mir w\u00ebnschen Iech eng gutt Gesondheet a soe Merci fir \u00c4r \u00cbnnerst\u00ebtzung.<br \/><i>De Comit\u00e9 an d\u2018Musikanten vun der Tr\u00ebntenger Musek<\/i><\/p>\n<p>\u00a0<\/p>\n<hr \/>\n<p>\u00a0<\/p>\n<p>\u00a0 \u00a0 \u00a0 Chers amis de la Tr\u00ebntenger Musek,<\/p>\n<p>Nous tenons \u00e0 vous informer qu\u2018en raison de la situation actuelle, nous ne pouvons malheureusement pas jouer notre concert de gala comme d\u2018habitude. Le concert aurait d\u00fb avoir lieu le 13 juin 2020.\u00a0<\/p>\n<p>En outre, cette ann\u00e9e, nous ne sommes pas autoris\u00e9s \u00e0 organiser la 75e \u00e9dition de notre \u201eKiischtefest\u201c comme pr\u00e9vu.\u00a0<br \/>Toutefois, pour que vous ne deviez pas non plus vous abstenir de nos produits \u00e0 la cerise cette ann\u00e9e, nous vous proposons de les commander chez nous. Vous trouverez de plus amples informations <a href=\"http:\/\/trentengermusek.org\/new\/2020\/05\/31\/elementor-529\/\" target=\"_blank\" rel=\"noopener\">ici.<\/a><\/p>\n<p>Nous vous invitons d\u00e9j\u00e0 maintenant \u00e0 venir c\u00e9l\u00e9brer la 75e \u00e9dition de notre\u00a0Kiischtefest avec nous l\u2018ann\u00e9e prochaine, le 4 juillet 2021.<\/p>\n<p style=\"text-align: center;\">Nous vous souhaitons une bonne sant\u00e9 et vous remercions d\u00e8s \u00e0 pr\u00e9sent pour votre soutien.\u00a0<br \/><i>Le conseil d\u2018administration et les musiciens de la Tr\u00ebntenger Musek<\/i><\/p>\n<p>\t\t\t\t\t\t<a href=\"http:\/\/trentengermusek.org\/new\/wp-content\/uploads\/2020\/05\/Flyer_KF2020.jpg\" data-elementor-open-lightbox=\"default\"><br \/>\n\t\t<img loading=\"lazy\" decoding=\"async\" width=\"730\" height=\"1024\" src=\"http:\/\/trentengermusek.org\/new\/wp-content\/uploads\/2020\/05\/Flyer_KF2020-730x1024.jpg\" alt=\"\" srcset=\"http:\/\/trentengermusek.org\/new\/wp-content\/uploads\/2020\/05\/Flyer_KF2020-730x1024.jpg 730w, http:\/\/trentengermusek.org\/new\/wp-content\/uploads\/2020\/05\/Flyer_KF2020-214x300.jpg 214w, http:\/\/trentengermusek.org\/new\/wp-content\/uploads\/2020\/05\/Flyer_KF2020-768x1078.jpg 768w, http:\/\/trentengermusek.org\/new\/wp-content\/uploads\/2020\/05\/Flyer_KF2020-230x323.jpg 230w, http:\/\/trentengermusek.org\/new\/wp-content\/uploads\/2020\/05\/Flyer_KF2020-350x491.jpg 350w, http:\/\/trentengermusek.org\/new\/wp-content\/uploads\/2020\/05\/Flyer_KF2020-480x674.jpg 480w, http:\/\/trentengermusek.org\/new\/wp-content\/uploads\/2020\/05\/Flyer_KF2020.jpg 788w\" sizes=\"auto, (max-width: 730px) 100vw, 730px\" \/>\t\t\t\t<\/a><br \/>\n\t\t\t<a href=\"http:\/\/trentengermusek.org\/new\/wp-content\/uploads\/2020\/05\/Flyer_KF2020.jpg\" target=\"_blank\"><br \/>\n\t\t\t\t\t\tDownload vum Flyer<br \/>\n\t\t\t\t\t<\/a><\/p>\n","protected":false},"excerpt":{"rendered":"<p>\u00a0 \u00a0 \u00a0 L\u00e9if Fr\u00ebnn vun der Tr\u00ebntenger Musek,Mir w\u00ebllen Iech matdeelen, dass et eis duerch d\u00e9i aktuell Situatioun vum Confinement, d\u00ebst Joer leider net m\u00e9iglech ass, fir de Galaconcert, deen den 13. Juni 2020 zu Waldbriedemes geplangt war, k\u00ebnnen ze spillen.\u00a0 Desweideren dierfe mir d\u00ebst Joer och net d\u00e9i 75. Editioun vun eisem traditonelle\u00a0Kiischtefest, \u2026<\/p>\n","protected":false},"author":1,"featured_media":521,"comment_status":"closed","ping_status":"closed","sticky":false,"template":"","format":"standard","meta":{"footnotes":""},"categories":[3,5],"tags":[],"class_list":["post-514","post","type-post","status-publish","format-standard","has-post-thumbnail","hentry","category-news","category-newsmanifestatioun"],"_links":{"self":[{"href":"http:\/\/trentengermusek.org\/new\/wp-json\/wp\/v2\/posts\/514","targetHints":{"allow":["GET"]}}],"collection":[{"href":"http:\/\/trentengermusek.org\/new\/wp-json\/wp\/v2\/posts"}],"about":[{"href":"http:\/\/trentengermusek.org\/new\/wp-json\/wp\/v2\/types\/post"}],"author":[{"embeddable":true,"href":"http:\/\/trentengermusek.org\/new\/wp-json\/wp\/v2\/users\/1"}],"replies":[{"embeddable":true,"href":"http:\/\/trentengermusek.org\/new\/wp-json\/wp\/v2\/comments?post=514"}],"version-history":[{"count":12,"href":"http:\/\/trentengermusek.org\/new\/wp-json\/wp\/v2\/posts\/514\/revisions"}],"predecessor-version":[{"id":533,"href":"http:\/\/trentengermusek.org\/new\/wp-json\/wp\/v2\/posts\/514\/revisions\/533"}],"wp:featuredmedia":[{"embeddable":true,"href":"http:\/\/trentengermusek.org\/new\/wp-json\/wp\/v2\/media\/521"}],"wp:attachment":[{"href":"http:\/\/trentengermusek.org\/new\/wp-json\/wp\/v2\/media?parent=514"}],"wp:term":[{"taxonomy":"category","embeddable":true,"href":"http:\/\/trentengermusek.org\/new\/wp-json\/wp\/v2\/categories?post=514"},{"taxonomy":"post_tag","embeddable":true,"href":"http:\/\/trentengermusek.org\/new\/wp-json\/wp\/v2\/tags?post=514"}],"curies":[{"name":"wp","href":"https:\/\/api.w.org\/{rel}","templated":true}]}}