{"id":472,"date":"2019-06-26T21:05:19","date_gmt":"2019-06-26T19:05:19","guid":{"rendered":"http:\/\/trentengermusek.org\/new\/?p=472"},"modified":"2019-06-26T21:06:33","modified_gmt":"2019-06-26T19:06:33","slug":"74-kiischtefest","status":"publish","type":"post","link":"http:\/\/trentengermusek.org\/new\/2019\/06\/26\/74-kiischtefest\/","title":{"rendered":"74. Kiischtefest zu Tr\u00ebnteng"},"content":{"rendered":"<p>D&#8217;Tr\u00ebntenger Musek an d&#8217;Tr\u00ebntenger Kiischtentr\u00ebppler invit\u00e9ieren e Sonnden, den <strong>7. Juli<\/strong> op d&#8217;Kiischtefest zu Tr\u00ebnteng op der Duerfplaz.<\/p>\n<p>Hei ass de Programm vum Kiischtefest 2019:<\/p>\n<p><img loading=\"lazy\" decoding=\"async\" src=\"http:\/\/trentengermusek.org\/new\/wp-content\/uploads\/2019\/06\/Kiischtefest_2019_WEB.jpg\" sizes=\"auto, (max-width: 580px) 100vw, 580px\" srcset=\"http:\/\/trentengermusek.org\/new\/wp-content\/uploads\/2019\/06\/Kiischtefest_2019_WEB.jpg 580w, http:\/\/trentengermusek.org\/new\/wp-content\/uploads\/2019\/06\/Kiischtefest_2019_WEB-210x300.jpg 210w, http:\/\/trentengermusek.org\/new\/wp-content\/uploads\/2019\/06\/Kiischtefest_2019_WEB-230x328.jpg 230w, http:\/\/trentengermusek.org\/new\/wp-content\/uploads\/2019\/06\/Kiischtefest_2019_WEB-350x499.jpg 350w, http:\/\/trentengermusek.org\/new\/wp-content\/uploads\/2019\/06\/Kiischtefest_2019_WEB-480x684.jpg 480w\" alt=\"\" width=\"580\" height=\"827\" \/><\/p>\n<p>Hei e puer Andr\u00e9ck vun 2018:<\/p>\n<p><img loading=\"lazy\" decoding=\"async\" src=\"http:\/\/trentengermusek.org\/new\/wp-content\/uploads\/2019\/06\/Kiischtefest_2019_WEB_02-1024x726.jpg\" sizes=\"auto, (max-width: 1024px) 100vw, 1024px\" srcset=\"http:\/\/trentengermusek.org\/new\/wp-content\/uploads\/2019\/06\/Kiischtefest_2019_WEB_02-1024x726.jpg 1024w, http:\/\/trentengermusek.org\/new\/wp-content\/uploads\/2019\/06\/Kiischtefest_2019_WEB_02-300x213.jpg 300w, http:\/\/trentengermusek.org\/new\/wp-content\/uploads\/2019\/06\/Kiischtefest_2019_WEB_02-768x545.jpg 768w, http:\/\/trentengermusek.org\/new\/wp-content\/uploads\/2019\/06\/Kiischtefest_2019_WEB_02-830x589.jpg 830w, http:\/\/trentengermusek.org\/new\/wp-content\/uploads\/2019\/06\/Kiischtefest_2019_WEB_02-230x163.jpg 230w, http:\/\/trentengermusek.org\/new\/wp-content\/uploads\/2019\/06\/Kiischtefest_2019_WEB_02-350x248.jpg 350w, http:\/\/trentengermusek.org\/new\/wp-content\/uploads\/2019\/06\/Kiischtefest_2019_WEB_02-480x340.jpg 480w, http:\/\/trentengermusek.org\/new\/wp-content\/uploads\/2019\/06\/Kiischtefest_2019_WEB_02.jpg 1166w\" alt=\"\" width=\"1024\" height=\"726\" \/><\/p>\n<p style=\"text-align: center;\">Hei fann Dir eis komplett Brosch\u00fcr<\/p>\n<p><a href=\"http:\/\/trentengermusek.org\/new\/wp-content\/uploads\/2019\/06\/Kiischtefest_2019_WEB.pdf\" target=\"_blank\" rel=\"noopener\"><br \/>\nDownload vun der Brosch\u00fcr<br \/>\n<\/a><br \/>\n<a href=\"http:\/\/trentengermusek.org\/new\/wp-content\/uploads\/2019\/06\/Kiischtefest_2019_WEB.pdf\" target=\"_blank\" rel=\"noopener\" data-elementor-open-lightbox=\"default\"><br \/>\n<img loading=\"lazy\" decoding=\"async\" src=\"http:\/\/trentengermusek.org\/new\/wp-content\/uploads\/2019\/06\/Kiischtefest_2019_WEB_01.jpg\" sizes=\"auto, (max-width: 583px) 100vw, 583px\" srcset=\"http:\/\/trentengermusek.org\/new\/wp-content\/uploads\/2019\/06\/Kiischtefest_2019_WEB_01.jpg 583w, http:\/\/trentengermusek.org\/new\/wp-content\/uploads\/2019\/06\/Kiischtefest_2019_WEB_01-211x300.jpg 211w, http:\/\/trentengermusek.org\/new\/wp-content\/uploads\/2019\/06\/Kiischtefest_2019_WEB_01-230x326.jpg 230w, http:\/\/trentengermusek.org\/new\/wp-content\/uploads\/2019\/06\/Kiischtefest_2019_WEB_01-350x496.jpg 350w, http:\/\/trentengermusek.org\/new\/wp-content\/uploads\/2019\/06\/Kiischtefest_2019_WEB_01-480x681.jpg 480w\" alt=\"\" width=\"583\" height=\"827\" \/> <\/a><\/p>\n","protected":false},"excerpt":{"rendered":"<p>D&#8217;Tr\u00ebntenger Musek an d&#8217;Tr\u00ebntenger Kiischtentr\u00ebppler invit\u00e9ieren e Sonnden, den 7. Juli op d&#8217;Kiischtefest zu Tr\u00ebnteng op der Duerfplaz. Hei ass de Programm vum Kiischtefest 2019: Hei e puer Andr\u00e9ck vun 2018: Hei fann Dir eis komplett Brosch\u00fcr Download vun der Brosch\u00fcr<\/p>\n","protected":false},"author":1,"featured_media":476,"comment_status":"open","ping_status":"open","sticky":false,"template":"","format":"standard","meta":{"footnotes":""},"categories":[4,5],"tags":[],"class_list":["post-472","post","type-post","status-publish","format-standard","has-post-thumbnail","hentry","category-agenda-manifestatioun","category-newsmanifestatioun"],"_links":{"self":[{"href":"http:\/\/trentengermusek.org\/new\/wp-json\/wp\/v2\/posts\/472","targetHints":{"allow":["GET"]}}],"collection":[{"href":"http:\/\/trentengermusek.org\/new\/wp-json\/wp\/v2\/posts"}],"about":[{"href":"http:\/\/trentengermusek.org\/new\/wp-json\/wp\/v2\/types\/post"}],"author":[{"embeddable":true,"href":"http:\/\/trentengermusek.org\/new\/wp-json\/wp\/v2\/users\/1"}],"replies":[{"embeddable":true,"href":"http:\/\/trentengermusek.org\/new\/wp-json\/wp\/v2\/comments?post=472"}],"version-history":[{"count":5,"href":"http:\/\/trentengermusek.org\/new\/wp-json\/wp\/v2\/posts\/472\/revisions"}],"predecessor-version":[{"id":481,"href":"http:\/\/trentengermusek.org\/new\/wp-json\/wp\/v2\/posts\/472\/revisions\/481"}],"wp:featuredmedia":[{"embeddable":true,"href":"http:\/\/trentengermusek.org\/new\/wp-json\/wp\/v2\/media\/476"}],"wp:attachment":[{"href":"http:\/\/trentengermusek.org\/new\/wp-json\/wp\/v2\/media?parent=472"}],"wp:term":[{"taxonomy":"category","embeddable":true,"href":"http:\/\/trentengermusek.org\/new\/wp-json\/wp\/v2\/categories?post=472"},{"taxonomy":"post_tag","embeddable":true,"href":"http:\/\/trentengermusek.org\/new\/wp-json\/wp\/v2\/tags?post=472"}],"curies":[{"name":"wp","href":"https:\/\/api.w.org\/{rel}","templated":true}]}}