{"id":458,"date":"2019-05-12T14:06:09","date_gmt":"2019-05-12T12:06:09","guid":{"rendered":"http:\/\/trentengermusek.org\/new\/?p=458"},"modified":"2019-05-12T14:08:45","modified_gmt":"2019-05-12T12:08:45","slug":"the-greatest-show-galaconcert-den-8-juni-2019","status":"publish","type":"post","link":"http:\/\/trentengermusek.org\/new\/2019\/05\/12\/the-greatest-show-galaconcert-den-8-juni-2019\/","title":{"rendered":"The greatest show &#8211; Galaconcert, den 8. Juni 2019"},"content":{"rendered":"<article id=\"post-339\">\n<section data-element_type=\"section\" data-id=\"v257m4r\">D&#8217;Tr\u00ebntenger Musek invit\u00e9iert e Samschden, den <strong>8. Juni 2019<\/strong> um 20.00 Auer op hire Galaconcert zu Waldbriedemes am Ver\u00e4insbau. D\u00ebst Joer steet de Concert \u00ebnnert dem Thema &#8222;The greatest show&#8220;. De Concert steet \u00ebnnert der musikalescher Leedung vum J\u00e9r\u00f4me Theis.<\/p>\n<\/section>\n<\/article>\n<p><a href=\"http:\/\/trentengermusek.org\/new\/wp-content\/uploads\/2019\/05\/Flyer-TM-GC-2019.jpg\" data-elementor-open-lightbox=\"default\"><br \/>\n<img loading=\"lazy\" decoding=\"async\" src=\"http:\/\/trentengermusek.org\/new\/wp-content\/uploads\/2019\/05\/Flyer-TM-GC-2019-488x1024.jpg\" sizes=\"auto, (max-width: 488px) 100vw, 488px\" srcset=\"http:\/\/trentengermusek.org\/new\/wp-content\/uploads\/2019\/05\/Flyer-TM-GC-2019-488x1024.jpg 488w, http:\/\/trentengermusek.org\/new\/wp-content\/uploads\/2019\/05\/Flyer-TM-GC-2019-143x300.jpg 143w, http:\/\/trentengermusek.org\/new\/wp-content\/uploads\/2019\/05\/Flyer-TM-GC-2019-768x1613.jpg 768w, http:\/\/trentengermusek.org\/new\/wp-content\/uploads\/2019\/05\/Flyer-TM-GC-2019-830x1743.jpg 830w, http:\/\/trentengermusek.org\/new\/wp-content\/uploads\/2019\/05\/Flyer-TM-GC-2019-230x483.jpg 230w, http:\/\/trentengermusek.org\/new\/wp-content\/uploads\/2019\/05\/Flyer-TM-GC-2019-350x735.jpg 350w, http:\/\/trentengermusek.org\/new\/wp-content\/uploads\/2019\/05\/Flyer-TM-GC-2019-480x1008.jpg 480w, http:\/\/trentengermusek.org\/new\/wp-content\/uploads\/2019\/05\/Flyer-TM-GC-2019.jpg 1181w\" alt=\"\" width=\"488\" height=\"1024\" \/> <\/a><br \/>\n<a href=\"http:\/\/trentengermusek.org\/new\/wp-content\/uploads\/2019\/05\/Flyer-2019-GC_Recks\u00e4it_verbessert.jpg\" data-elementor-open-lightbox=\"default\"><br \/>\n<img loading=\"lazy\" decoding=\"async\" src=\"http:\/\/trentengermusek.org\/new\/wp-content\/uploads\/2019\/05\/Flyer-2019-GC_Recks\u00e4it_verbessert-488x1024.jpg\" sizes=\"auto, (max-width: 488px) 100vw, 488px\" srcset=\"http:\/\/trentengermusek.org\/new\/wp-content\/uploads\/2019\/05\/Flyer-2019-GC_Recks\u00e4it_verbessert-488x1024.jpg 488w, http:\/\/trentengermusek.org\/new\/wp-content\/uploads\/2019\/05\/Flyer-2019-GC_Recks\u00e4it_verbessert-143x300.jpg 143w, http:\/\/trentengermusek.org\/new\/wp-content\/uploads\/2019\/05\/Flyer-2019-GC_Recks\u00e4it_verbessert-768x1613.jpg 768w, http:\/\/trentengermusek.org\/new\/wp-content\/uploads\/2019\/05\/Flyer-2019-GC_Recks\u00e4it_verbessert-830x1743.jpg 830w, http:\/\/trentengermusek.org\/new\/wp-content\/uploads\/2019\/05\/Flyer-2019-GC_Recks\u00e4it_verbessert-230x483.jpg 230w, http:\/\/trentengermusek.org\/new\/wp-content\/uploads\/2019\/05\/Flyer-2019-GC_Recks\u00e4it_verbessert-350x735.jpg 350w, http:\/\/trentengermusek.org\/new\/wp-content\/uploads\/2019\/05\/Flyer-2019-GC_Recks\u00e4it_verbessert-480x1008.jpg 480w, http:\/\/trentengermusek.org\/new\/wp-content\/uploads\/2019\/05\/Flyer-2019-GC_Recks\u00e4it_verbessert.jpg 1181w\" alt=\"\" width=\"488\" height=\"1024\" \/> <\/a><\/p>\n","protected":false},"excerpt":{"rendered":"<p>D&#8217;Tr\u00ebntenger Musek invit\u00e9iert e Samschden, den 8. Juni 2019 um 20.00 Auer op hire Galaconcert zu Waldbriedemes am Ver\u00e4insbau. D\u00ebst Joer steet de Concert \u00ebnnert dem Thema &#8222;The greatest show&#8220;. De Concert steet \u00ebnnert der musikalescher Leedung vum J\u00e9r\u00f4me Theis.<\/p>\n","protected":false},"author":1,"featured_media":466,"comment_status":"closed","ping_status":"closed","sticky":false,"template":"","format":"standard","meta":{"footnotes":""},"categories":[4,5],"tags":[],"class_list":["post-458","post","type-post","status-publish","format-standard","has-post-thumbnail","hentry","category-agenda-manifestatioun","category-newsmanifestatioun"],"_links":{"self":[{"href":"http:\/\/trentengermusek.org\/new\/wp-json\/wp\/v2\/posts\/458","targetHints":{"allow":["GET"]}}],"collection":[{"href":"http:\/\/trentengermusek.org\/new\/wp-json\/wp\/v2\/posts"}],"about":[{"href":"http:\/\/trentengermusek.org\/new\/wp-json\/wp\/v2\/types\/post"}],"author":[{"embeddable":true,"href":"http:\/\/trentengermusek.org\/new\/wp-json\/wp\/v2\/users\/1"}],"replies":[{"embeddable":true,"href":"http:\/\/trentengermusek.org\/new\/wp-json\/wp\/v2\/comments?post=458"}],"version-history":[{"count":6,"href":"http:\/\/trentengermusek.org\/new\/wp-json\/wp\/v2\/posts\/458\/revisions"}],"predecessor-version":[{"id":468,"href":"http:\/\/trentengermusek.org\/new\/wp-json\/wp\/v2\/posts\/458\/revisions\/468"}],"wp:featuredmedia":[{"embeddable":true,"href":"http:\/\/trentengermusek.org\/new\/wp-json\/wp\/v2\/media\/466"}],"wp:attachment":[{"href":"http:\/\/trentengermusek.org\/new\/wp-json\/wp\/v2\/media?parent=458"}],"wp:term":[{"taxonomy":"category","embeddable":true,"href":"http:\/\/trentengermusek.org\/new\/wp-json\/wp\/v2\/categories?post=458"},{"taxonomy":"post_tag","embeddable":true,"href":"http:\/\/trentengermusek.org\/new\/wp-json\/wp\/v2\/tags?post=458"}],"curies":[{"name":"wp","href":"https:\/\/api.w.org\/{rel}","templated":true}]}}