{"id":411,"date":"2019-11-27T19:30:43","date_gmt":"2019-11-27T18:30:43","guid":{"rendered":"http:\/\/trentengermusek.org\/new\/?p=411"},"modified":"2019-12-15T21:55:28","modified_gmt":"2019-12-15T20:55:28","slug":"chreschtconcert-den-9-dezember-2019","status":"publish","type":"post","link":"http:\/\/trentengermusek.org\/new\/2019\/11\/27\/chreschtconcert-den-9-dezember-2019\/","title":{"rendered":"Chr\u00ebschtconcert, den 8. Dezember 2019"},"content":{"rendered":"<p>D&#8217;Tr\u00ebntenger Musek invit\u00e9iert Sonndes, den\u00a0<strong>8. Dezember 2019 um 17.00 Auer<\/strong> op hire traditionellen Chr\u00ebschtconcert zu Tr\u00ebnteng an der Kierch.<\/p>\n<p>D&#8217;Tr\u00ebntenger Musek geet\u00a0d\u00ebst Joer un &#8222;Pfr Jey &#8211; Waisenkiner <em>(Indien)<\/em>&#8220;<\/p>\n<p style=\"text-align: center;\"><em>Mir free\u00ebn eis Iech den 8. Dezember zu Tr\u00ebnteng an der Kierch begr\u00e9issen ze k\u00ebnnen, a w\u00ebnschen Iech elo scho sch\u00e9in Feierdeeg an e gudde Rutsch an d&#8217;Joer 2020.<\/em><\/p>\n<p><a href=\"http:\/\/trentengermusek.org\/new\/wp-content\/uploads\/2019\/11\/CK-2019_Flyer-2_bearbeitet-1.jpg\" data-elementor-open-lightbox=\"yes\"><br \/>\n<img loading=\"lazy\" decoding=\"async\" src=\"http:\/\/trentengermusek.org\/new\/wp-content\/uploads\/2019\/11\/CK-2019_Flyer-2_bearbeitet-1-729x1024.jpg\" sizes=\"auto, (max-width: 729px) 100vw, 729px\" srcset=\"http:\/\/trentengermusek.org\/new\/wp-content\/uploads\/2019\/11\/CK-2019_Flyer-2_bearbeitet-1-729x1024.jpg 729w, http:\/\/trentengermusek.org\/new\/wp-content\/uploads\/2019\/11\/CK-2019_Flyer-2_bearbeitet-1-214x300.jpg 214w, http:\/\/trentengermusek.org\/new\/wp-content\/uploads\/2019\/11\/CK-2019_Flyer-2_bearbeitet-1-768x1079.jpg 768w, http:\/\/trentengermusek.org\/new\/wp-content\/uploads\/2019\/11\/CK-2019_Flyer-2_bearbeitet-1-830x1166.jpg 830w, http:\/\/trentengermusek.org\/new\/wp-content\/uploads\/2019\/11\/CK-2019_Flyer-2_bearbeitet-1-230x323.jpg 230w, http:\/\/trentengermusek.org\/new\/wp-content\/uploads\/2019\/11\/CK-2019_Flyer-2_bearbeitet-1-350x492.jpg 350w, http:\/\/trentengermusek.org\/new\/wp-content\/uploads\/2019\/11\/CK-2019_Flyer-2_bearbeitet-1-480x674.jpg 480w\" alt=\"\" width=\"729\" height=\"1024\" \/> <\/a><br \/>\n<a href=\"http:\/\/trentengermusek.org\/new\/wp-content\/uploads\/2019\/11\/CK-2019_Flyer-2_bearbeitet-1.jpg\" target=\"_blank\" rel=\"noopener\"><br \/>\nDownload vum Flyer<br \/>\n<\/a><\/p>\n","protected":false},"excerpt":{"rendered":"<p>D&#8217;Tr\u00ebntenger Musek invit\u00e9iert Sonndes, den\u00a08. Dezember 2019 um 17.00 Auer op hire traditionellen Chr\u00ebschtconcert zu Tr\u00ebnteng an der Kierch. D&#8217;Tr\u00ebntenger Musek geet\u00a0d\u00ebst Joer un &#8222;Pfr Jey &#8211; Waisenkiner (Indien)&#8220; Mir free\u00ebn eis Iech den 8. Dezember zu Tr\u00ebnteng an der Kierch begr\u00e9issen ze k\u00ebnnen, a w\u00ebnschen Iech elo scho sch\u00e9in Feierdeeg an e gudde Rutsch \u2026<\/p>\n","protected":false},"author":1,"featured_media":483,"comment_status":"closed","ping_status":"closed","sticky":false,"template":"","format":"standard","meta":{"footnotes":""},"categories":[4,5],"tags":[],"class_list":["post-411","post","type-post","status-publish","format-standard","has-post-thumbnail","hentry","category-agenda-manifestatioun","category-newsmanifestatioun"],"_links":{"self":[{"href":"http:\/\/trentengermusek.org\/new\/wp-json\/wp\/v2\/posts\/411","targetHints":{"allow":["GET"]}}],"collection":[{"href":"http:\/\/trentengermusek.org\/new\/wp-json\/wp\/v2\/posts"}],"about":[{"href":"http:\/\/trentengermusek.org\/new\/wp-json\/wp\/v2\/types\/post"}],"author":[{"embeddable":true,"href":"http:\/\/trentengermusek.org\/new\/wp-json\/wp\/v2\/users\/1"}],"replies":[{"embeddable":true,"href":"http:\/\/trentengermusek.org\/new\/wp-json\/wp\/v2\/comments?post=411"}],"version-history":[{"count":12,"href":"http:\/\/trentengermusek.org\/new\/wp-json\/wp\/v2\/posts\/411\/revisions"}],"predecessor-version":[{"id":488,"href":"http:\/\/trentengermusek.org\/new\/wp-json\/wp\/v2\/posts\/411\/revisions\/488"}],"wp:featuredmedia":[{"embeddable":true,"href":"http:\/\/trentengermusek.org\/new\/wp-json\/wp\/v2\/media\/483"}],"wp:attachment":[{"href":"http:\/\/trentengermusek.org\/new\/wp-json\/wp\/v2\/media?parent=411"}],"wp:term":[{"taxonomy":"category","embeddable":true,"href":"http:\/\/trentengermusek.org\/new\/wp-json\/wp\/v2\/categories?post=411"},{"taxonomy":"post_tag","embeddable":true,"href":"http:\/\/trentengermusek.org\/new\/wp-json\/wp\/v2\/tags?post=411"}],"curies":[{"name":"wp","href":"https:\/\/api.w.org\/{rel}","templated":true}]}}