{"id":339,"date":"2018-05-18T17:41:16","date_gmt":"2018-05-18T15:41:16","guid":{"rendered":"http:\/\/trentengermusek.org\/new\/?p=339"},"modified":"2018-05-27T20:29:16","modified_gmt":"2018-05-27T18:29:16","slug":"galaconcert-den-9-juni-2018-zu-waldbriedemes","status":"publish","type":"post","link":"http:\/\/trentengermusek.org\/new\/2018\/05\/18\/galaconcert-den-9-juni-2018-zu-waldbriedemes\/","title":{"rendered":"Galaconcert, den 9. Juni 2018 zu Waldbriedemes"},"content":{"rendered":"<p>D&#8217;Tr\u00ebntenger Musek invit\u00e9iert e Samschden, den 9. Juni 2018 um 20.00 Auer op hire Galaconcert zu Waldbriedemes am Ver\u00e4insbau. Loosst Iech\u00a0verzaubere mat Melodien aus den 80&#8217;er a 90&#8217;er Joren.<br \/>\nAm Kader vun d\u00ebsem Concert, ass den Dirigentenwiesel vum Agnese Nikolovska op de J\u00e9r\u00f4me Theis.<\/p>\n<p><a href=\"http:\/\/trentengermusek.org\/new\/wp-content\/uploads\/2018\/05\/GC-Flyer-2018-2.jpg\" data-elementor-open-lightbox=\"default\"><br \/>\n<img loading=\"lazy\" decoding=\"async\" src=\"http:\/\/trentengermusek.org\/new\/wp-content\/uploads\/2018\/05\/GC-Flyer-2018-2-488x1024.jpg\" sizes=\"auto, (max-width: 488px) 100vw, 488px\" srcset=\"http:\/\/trentengermusek.org\/new\/wp-content\/uploads\/2018\/05\/GC-Flyer-2018-2-488x1024.jpg 488w, http:\/\/trentengermusek.org\/new\/wp-content\/uploads\/2018\/05\/GC-Flyer-2018-2-143x300.jpg 143w, http:\/\/trentengermusek.org\/new\/wp-content\/uploads\/2018\/05\/GC-Flyer-2018-2-768x1613.jpg 768w, http:\/\/trentengermusek.org\/new\/wp-content\/uploads\/2018\/05\/GC-Flyer-2018-2-830x1743.jpg 830w, http:\/\/trentengermusek.org\/new\/wp-content\/uploads\/2018\/05\/GC-Flyer-2018-2-230x483.jpg 230w, http:\/\/trentengermusek.org\/new\/wp-content\/uploads\/2018\/05\/GC-Flyer-2018-2-350x735.jpg 350w, http:\/\/trentengermusek.org\/new\/wp-content\/uploads\/2018\/05\/GC-Flyer-2018-2-480x1008.jpg 480w, http:\/\/trentengermusek.org\/new\/wp-content\/uploads\/2018\/05\/GC-Flyer-2018-2.jpg 1181w\" alt=\"\" width=\"488\" height=\"1024\" \/> <\/a><\/p>\n","protected":false},"excerpt":{"rendered":"<p>D&#8217;Tr\u00ebntenger Musek invit\u00e9iert e Samschden, den 9. Juni 2018 um 20.00 Auer op hire Galaconcert zu Waldbriedemes am Ver\u00e4insbau. Loosst Iech\u00a0verzaubere mat Melodien aus den 80&#8217;er a 90&#8217;er Joren. Am Kader vun d\u00ebsem Concert, ass den Dirigentenwiesel vum Agnese Nikolovska op de J\u00e9r\u00f4me Theis.<\/p>\n","protected":false},"author":1,"featured_media":345,"comment_status":"closed","ping_status":"closed","sticky":false,"template":"","format":"standard","meta":{"footnotes":""},"categories":[4],"tags":[],"class_list":["post-339","post","type-post","status-publish","format-standard","has-post-thumbnail","hentry","category-agenda-manifestatioun"],"_links":{"self":[{"href":"http:\/\/trentengermusek.org\/new\/wp-json\/wp\/v2\/posts\/339","targetHints":{"allow":["GET"]}}],"collection":[{"href":"http:\/\/trentengermusek.org\/new\/wp-json\/wp\/v2\/posts"}],"about":[{"href":"http:\/\/trentengermusek.org\/new\/wp-json\/wp\/v2\/types\/post"}],"author":[{"embeddable":true,"href":"http:\/\/trentengermusek.org\/new\/wp-json\/wp\/v2\/users\/1"}],"replies":[{"embeddable":true,"href":"http:\/\/trentengermusek.org\/new\/wp-json\/wp\/v2\/comments?post=339"}],"version-history":[{"count":7,"href":"http:\/\/trentengermusek.org\/new\/wp-json\/wp\/v2\/posts\/339\/revisions"}],"predecessor-version":[{"id":352,"href":"http:\/\/trentengermusek.org\/new\/wp-json\/wp\/v2\/posts\/339\/revisions\/352"}],"wp:featuredmedia":[{"embeddable":true,"href":"http:\/\/trentengermusek.org\/new\/wp-json\/wp\/v2\/media\/345"}],"wp:attachment":[{"href":"http:\/\/trentengermusek.org\/new\/wp-json\/wp\/v2\/media?parent=339"}],"wp:term":[{"taxonomy":"category","embeddable":true,"href":"http:\/\/trentengermusek.org\/new\/wp-json\/wp\/v2\/categories?post=339"},{"taxonomy":"post_tag","embeddable":true,"href":"http:\/\/trentengermusek.org\/new\/wp-json\/wp\/v2\/tags?post=339"}],"curies":[{"name":"wp","href":"https:\/\/api.w.org\/{rel}","templated":true}]}}