{"id":258,"date":"2017-12-25T14:15:08","date_gmt":"2017-12-25T13:15:08","guid":{"rendered":"http:\/\/trentengermusek.org\/new\/?p=258"},"modified":"2017-12-25T14:34:58","modified_gmt":"2017-12-25T13:34:58","slug":"caecilienfeier-zu-trenteng","status":"publish","type":"post","link":"http:\/\/trentengermusek.org\/new\/2017\/12\/25\/caecilienfeier-zu-trenteng\/","title":{"rendered":"C\u00e4cilienfeier zu Tr\u00ebnteng"},"content":{"rendered":"<p>E Sonnden, den 19. November 2017 war d\u2019 C\u00e4cilienfeier, wou \u00a0d\u2019Duelemer, Greiweldenger\u00a0an d\u2019Tr\u00ebntenger \u00a0Musek \u00a0sech zesummefonnt hunn, fir \u00a0d\u00ebse besonneschen\u00a0Dag, d\u00ebst Joer zesummen zu Tr\u00ebnteng\u00a0an der Salle polyvanelnte ze feieren.\u00a0 Den Dag stoung \u00ebnnert dem Patronnage vun\u00a0deene\u00a04 Museksschoulen aus de\u00a0Gemenge\u00a0Bous, Duelem, Stadtbriedemes\u00a0a\u00a0Waldbriedemes, sou w\u00e9i der Museksschoul\u00a0vun der UGDA.<\/p>\n<p>D\u2019Feier huet ugefaange\u00a0mat engem\u00a0Optr\u00ebtt vun de Sch\u00fcler a Sch\u00fclerinnen aus der Initiation \u00e0 la musique. Duerno ass et mat engem St\u00e9ck, wat\u00a0zesumme\u00a0vun\u00a0de\u00a0jonke\u00a0Musikanten aus der Fanfare Duelem, der Greiweldenger\u00a0an der Tr\u00ebntenger Musek gespillt gouf weidergaangen. Uschl\u00e9issend hunn d\u2019Solf\u00e8gesch\u00fcler den Orchester gesanglesch\u00a0begleet. D \u2018musikalesch Leedung stoung \u00ebnnert dem Ben Seil.<\/p>\n<p>Am Kader vun d\u00ebser klenger Feier war och d\u2019Diplomiwwerreechung, wou d\u2019Buergermeeschteren an d\u2019Gemengevertrieder\u00a0vun\u00a0deene\u00a0jeeweilege\u00a0Gemengen zesumme\u00a0mat der Presidentin vun der UGDA, der Madame Martine Deprez, Diplomer un verd\u00e9ngschtvoll Sch\u00fcler a\u00a0Musikante\u00a0konnten iwwerreechen.<\/p>\n<p>Zum Schluss vun der Feier huet d\u2019Gemeng Waldbriedemes nach op en \u00c9ierepatt mat Schnittercher invit\u00e9iert.<\/p>\n<p style=\"text-align: right;\"><em>(Text: Marc Schumacher; Fotoen: Steve Hopp)<\/em><\/p>\n<figure><img decoding=\"async\" src=\"http:\/\/trentengermusek.org\/new\/wp-content\/uploads\/2017\/12\/Caecilienfeier_093-1024x683.jpg\" alt=\"C\u00e4ciilienfeier vun de Museken vun trenteng, Duelem an Greiweldeng zu Trenteng.\" \/><\/figure>\n<figure><img decoding=\"async\" src=\"http:\/\/trentengermusek.org\/new\/wp-content\/uploads\/2017\/12\/Caecilienfeier_080-1024x683.jpg\" alt=\"C\u00e4ciilienfeier vun de Museken vun trenteng, Duelem an Greiweldeng zu Trenteng.\" \/><\/figure>\n<figure><img decoding=\"async\" src=\"http:\/\/trentengermusek.org\/new\/wp-content\/uploads\/2017\/12\/Caecilienfeier_128-1024x683.jpg\" alt=\"C\u00e4ciilienfeier vun de Museken vun trenteng, Duelem an Greiweldeng zu Trenteng.\" \/><\/figure>\n<figure><img decoding=\"async\" src=\"http:\/\/trentengermusek.org\/new\/wp-content\/uploads\/2017\/12\/Caecilienfeier_104-1024x683.jpg\" alt=\"C\u00e4ciilienfeier vun de Museken vun trenteng, Duelem an Greiweldeng zu Trenteng.\" \/><\/figure>\n<figure><img decoding=\"async\" src=\"http:\/\/trentengermusek.org\/new\/wp-content\/uploads\/2017\/12\/Caecilienfeier_124-1024x683.jpg\" alt=\"C\u00e4ciilienfeier vun de Museken vun trenteng, Duelem an Greiweldeng zu Trenteng.\" \/><\/figure>\n<figure><img decoding=\"async\" src=\"http:\/\/trentengermusek.org\/new\/wp-content\/uploads\/2017\/12\/Caecilienfeier_126-1024x683.jpg\" alt=\"C\u00e4ciilienfeier vun de Museken vun trenteng, Duelem an Greiweldeng zu Trenteng.\" \/><\/figure>\n<figure><img decoding=\"async\" src=\"http:\/\/trentengermusek.org\/new\/wp-content\/uploads\/2017\/12\/Caecilienfeier_130-1024x299.jpg\" alt=\"C\u00e4ciilienfeier vun de Museken vun trenteng, Duelem an Greiweldeng zu Trenteng.\" \/><\/figure>\n<figure><img decoding=\"async\" src=\"http:\/\/trentengermusek.org\/new\/wp-content\/uploads\/2017\/12\/Caecilienfeier_099-1024x683.jpg\" alt=\"C\u00e4ciilienfeier vun de Museken vun trenteng, Duelem an Greiweldeng zu Trenteng.\" \/><\/figure>\n<figure><img decoding=\"async\" src=\"http:\/\/trentengermusek.org\/new\/wp-content\/uploads\/2017\/12\/Caecilienfeier_079-1024x683.jpg\" alt=\"C\u00e4ciilienfeier vun de Museken vun trenteng, Duelem an Greiweldeng zu Trenteng.\" \/><\/figure>\n<figure><img decoding=\"async\" src=\"http:\/\/trentengermusek.org\/new\/wp-content\/uploads\/2017\/12\/Caecilienfeier_073-1024x683.jpg\" alt=\"C\u00e4ciilienfeier vun de Museken vun trenteng, Duelem an Greiweldeng zu Trenteng.\" \/><\/figure>\n<figure><img decoding=\"async\" src=\"http:\/\/trentengermusek.org\/new\/wp-content\/uploads\/2017\/12\/Caecilienfeier_086-1024x683.jpg\" alt=\"C\u00e4ciilienfeier vun de Museken vun trenteng, Duelem an Greiweldeng zu Trenteng.\" \/><\/figure>\n<figure><img decoding=\"async\" src=\"http:\/\/trentengermusek.org\/new\/wp-content\/uploads\/2017\/12\/Caecilienfeier_056-1024x683.jpg\" alt=\"C\u00e4ciilienfeier vun de Museken vun trenteng, Duelem an Greiweldeng zu Trenteng.\" \/><\/figure>\n<figure><img decoding=\"async\" src=\"http:\/\/trentengermusek.org\/new\/wp-content\/uploads\/2017\/12\/Caecilienfeier_114-1024x683.jpg\" alt=\"C\u00e4ciilienfeier vun de Museken vun trenteng, Duelem an Greiweldeng zu Trenteng.\" \/><\/figure>\n<figure><img decoding=\"async\" src=\"http:\/\/trentengermusek.org\/new\/wp-content\/uploads\/2017\/12\/Caecilienfeier_139-1024x683.jpg\" alt=\"C\u00e4ciilienfeier vun de Museken vun trenteng, Duelem an Greiweldeng zu Trenteng.\" \/><\/figure>\n","protected":false},"excerpt":{"rendered":"<p>E Sonnden, den 19. November 2017 war d\u2019 C\u00e4cilienfeier, wou \u00a0d\u2019Duelemer, Greiweldenger\u00a0an d\u2019Tr\u00ebntenger \u00a0Musek \u00a0sech zesummefonnt hunn, fir \u00a0d\u00ebse besonneschen\u00a0Dag, d\u00ebst Joer zesummen zu Tr\u00ebnteng\u00a0an der Salle polyvanelnte ze feieren.\u00a0 Den Dag stoung \u00ebnnert dem Patronnage vun\u00a0deene\u00a04 Museksschoulen aus de\u00a0Gemenge\u00a0Bous, Duelem, Stadtbriedemes\u00a0a\u00a0Waldbriedemes, sou w\u00e9i der Museksschoul\u00a0vun der UGDA. D\u2019Feier huet ugefaange\u00a0mat engem\u00a0Optr\u00ebtt vun de Sch\u00fcler \u2026<\/p>\n","protected":false},"author":1,"featured_media":267,"comment_status":"closed","ping_status":"closed","sticky":false,"template":"","format":"standard","meta":{"footnotes":""},"categories":[3],"tags":[],"class_list":["post-258","post","type-post","status-publish","format-standard","has-post-thumbnail","hentry","category-news"],"_links":{"self":[{"href":"http:\/\/trentengermusek.org\/new\/wp-json\/wp\/v2\/posts\/258","targetHints":{"allow":["GET"]}}],"collection":[{"href":"http:\/\/trentengermusek.org\/new\/wp-json\/wp\/v2\/posts"}],"about":[{"href":"http:\/\/trentengermusek.org\/new\/wp-json\/wp\/v2\/types\/post"}],"author":[{"embeddable":true,"href":"http:\/\/trentengermusek.org\/new\/wp-json\/wp\/v2\/users\/1"}],"replies":[{"embeddable":true,"href":"http:\/\/trentengermusek.org\/new\/wp-json\/wp\/v2\/comments?post=258"}],"version-history":[{"count":2,"href":"http:\/\/trentengermusek.org\/new\/wp-json\/wp\/v2\/posts\/258\/revisions"}],"predecessor-version":[{"id":274,"href":"http:\/\/trentengermusek.org\/new\/wp-json\/wp\/v2\/posts\/258\/revisions\/274"}],"wp:featuredmedia":[{"embeddable":true,"href":"http:\/\/trentengermusek.org\/new\/wp-json\/wp\/v2\/media\/267"}],"wp:attachment":[{"href":"http:\/\/trentengermusek.org\/new\/wp-json\/wp\/v2\/media?parent=258"}],"wp:term":[{"taxonomy":"category","embeddable":true,"href":"http:\/\/trentengermusek.org\/new\/wp-json\/wp\/v2\/categories?post=258"},{"taxonomy":"post_tag","embeddable":true,"href":"http:\/\/trentengermusek.org\/new\/wp-json\/wp\/v2\/tags?post=258"}],"curies":[{"name":"wp","href":"https:\/\/api.w.org\/{rel}","templated":true}]}}