{"id":244,"date":"2017-12-25T14:25:25","date_gmt":"2017-12-25T13:25:25","guid":{"rendered":"http:\/\/trentengermusek.org\/new\/?p=244"},"modified":"2017-12-25T14:28:15","modified_gmt":"2017-12-25T13:28:15","slug":"traditionellen-chreschtconcert","status":"publish","type":"post","link":"http:\/\/trentengermusek.org\/new\/2017\/12\/25\/traditionellen-chreschtconcert\/","title":{"rendered":"Traditionellen Chr\u00ebschtconcert"},"content":{"rendered":"<p>E Sonnden, den 10 Dezember 2017 huet d\u2019Tr\u00ebntenger Musek op hiren traditionelle Chr\u00ebschtconcert zu Tr\u00ebnteng an der Kierch invit\u00e9iert.<\/p>\n<p>D\u00ebst Joer war de Concert an Zesummenaarbecht mat der Chorale Lidderfr\u00ebnn vu\u00a0Monnerech. De Concert huet ugefaange\u00a0mam St\u00e9ck Silver Bells, gespillt vun der Tr\u00ebntenger Musek. Duerno huet d\u2019Chorale mat e puer St\u00e9cker fir eng flott Chr\u00ebschtdagsst\u00ebmmung gesuergt. Uschl\u00e9issend huet den Orchester nach e puer St\u00e9cker gespillt. Zum Schluss vum Concert ass d\u2019Tr\u00ebntenger Musek dunn gesanglesch vun der Chorale Lidderfr\u00ebnn begleet ginn.<\/p>\n<p>Och d\u00ebst Joer woussten d\u2019Musikanten\u00a0an d\u2019S\u00e4nger mat engem ofwiesslungsr\u00e4iche Programm d\u2019Publikum ze begeeschteren.<\/p>\n<p>D&#8216; musikalesch Leedung vum Orchester stoung \u00ebnnert dem Agnese Nikolovska an d\u2019Leedung vun der Chorale \u00ebnnert dem Nadine Kleman. Duerch de Programm huet de Christian Greisch gefouert.<\/p>\n<p>Am Kader vun d\u00ebsem Concert, krut\u00a0d\u2019Yasmine Mathias och nach seng Medaile\u00a0fir 10 Joer an der Musek iwwerreecht.<\/p>\n<p>Als Ofschloss vun d\u00ebsem Owend huet d\u2019Tr\u00ebntenger Musek nach op ee\u00a0Patt Gl\u00fchw\u00e4in an e St\u00e9ck Stollen invit\u00e9iert.<\/p>\n<p>D\u2019Qu\u00eate vum Schluss vum Concert ass d\u00ebst Joer un d\u2019Fondation Luxembourg &#8211; El Salvador gaangen. Merci fir d\u00e9i gener\u00e9is Don\u2019en.<\/p>\n<p><em>(Text: Marc Schumacher; Fotoen: Steve Hopp)<\/em><\/p>\n<figure><img decoding=\"async\" src=\"http:\/\/trentengermusek.org\/new\/wp-content\/uploads\/2017\/12\/Chreschtconcert_102-1024x683.jpg\" alt=\"Chreschtconcert vun der Trentenger Musek, zesummen mat der Chorale Lidderfrenn Monnerech.\" \/><\/figure>\n<figure><img decoding=\"async\" src=\"http:\/\/trentengermusek.org\/new\/wp-content\/uploads\/2017\/12\/Chreschtconcert_090-1024x683.jpg\" alt=\"Chreschtconcert vun der Trentenger Musek, zesummen mat der Chorale Lidderfrenn Monnerech.\" \/><\/figure>\n<figure><img decoding=\"async\" src=\"http:\/\/trentengermusek.org\/new\/wp-content\/uploads\/2017\/12\/Chreschtconcert_089-1024x683.jpg\" alt=\"Chreschtconcert vun der Trentenger Musek, zesummen mat der Chorale Lidderfrenn Monnerech.\" \/><\/figure>\n<figure><img decoding=\"async\" src=\"http:\/\/trentengermusek.org\/new\/wp-content\/uploads\/2017\/12\/Chreschtconcert_083-1024x683.jpg\" alt=\"Chreschtconcert vun der Trentenger Musek, zesummen mat der Chorale Lidderfrenn Monnerech.\" \/><\/figure>\n<figure><img decoding=\"async\" src=\"http:\/\/trentengermusek.org\/new\/wp-content\/uploads\/2017\/12\/Chreschtconcert_080-1024x683.jpg\" alt=\"Chreschtconcert vun der Trentenger Musek, zesummen mat der Chorale Lidderfrenn Monnerech.\" \/><\/figure>\n<figure><img decoding=\"async\" src=\"http:\/\/trentengermusek.org\/new\/wp-content\/uploads\/2017\/12\/Chreschtconcert_075-1024x683.jpg\" alt=\"Chreschtconcert vun der Trentenger Musek, zesummen mat der Chorale Lidderfrenn Monnerech.\" \/><\/figure>\n<figure><img decoding=\"async\" src=\"http:\/\/trentengermusek.org\/new\/wp-content\/uploads\/2017\/12\/Chreschtconcert_060-1024x683.jpg\" alt=\"Chreschtconcert vun der Trentenger Musek, zesummen mat der Chorale Lidderfrenn Monnerech.\" \/><\/figure>\n<figure><img decoding=\"async\" src=\"http:\/\/trentengermusek.org\/new\/wp-content\/uploads\/2017\/12\/Chreschtconcert_049-1024x683.jpg\" alt=\"Chreschtconcert vun der Trentenger Musek, zesummen mat der Chorale Lidderfrenn Monnerech.\" \/><\/figure>\n<figure><img decoding=\"async\" src=\"http:\/\/trentengermusek.org\/new\/wp-content\/uploads\/2017\/12\/Chreschtconcert_044-1024x683.jpg\" alt=\"Chreschtconcert vun der Trentenger Musek, zesummen mat der Chorale Lidderfrenn Monnerech.\" \/><\/figure>\n<figure><img decoding=\"async\" src=\"http:\/\/trentengermusek.org\/new\/wp-content\/uploads\/2017\/12\/Chreschtconcert_023-1024x683.jpg\" alt=\"Chreschtconcert vun der Trentenger Musek, zesummen mat der Chorale Lidderfrenn Monnerech.\" \/><\/figure>\n","protected":false},"excerpt":{"rendered":"<p>E Sonnden, den 10 Dezember 2017 huet d\u2019Tr\u00ebntenger Musek op hiren traditionelle Chr\u00ebschtconcert zu Tr\u00ebnteng an der Kierch invit\u00e9iert. D\u00ebst Joer war de Concert an Zesummenaarbecht mat der Chorale Lidderfr\u00ebnn vu\u00a0Monnerech. De Concert huet ugefaange\u00a0mam St\u00e9ck Silver Bells, gespillt vun der Tr\u00ebntenger Musek. Duerno huet d\u2019Chorale mat e puer St\u00e9cker fir eng flott Chr\u00ebschtdagsst\u00ebmmung gesuergt. \u2026<\/p>\n","protected":false},"author":1,"featured_media":248,"comment_status":"closed","ping_status":"closed","sticky":false,"template":"","format":"standard","meta":{"footnotes":""},"categories":[3],"tags":[],"class_list":["post-244","post","type-post","status-publish","format-standard","has-post-thumbnail","hentry","category-news"],"_links":{"self":[{"href":"http:\/\/trentengermusek.org\/new\/wp-json\/wp\/v2\/posts\/244","targetHints":{"allow":["GET"]}}],"collection":[{"href":"http:\/\/trentengermusek.org\/new\/wp-json\/wp\/v2\/posts"}],"about":[{"href":"http:\/\/trentengermusek.org\/new\/wp-json\/wp\/v2\/types\/post"}],"author":[{"embeddable":true,"href":"http:\/\/trentengermusek.org\/new\/wp-json\/wp\/v2\/users\/1"}],"replies":[{"embeddable":true,"href":"http:\/\/trentengermusek.org\/new\/wp-json\/wp\/v2\/comments?post=244"}],"version-history":[{"count":3,"href":"http:\/\/trentengermusek.org\/new\/wp-json\/wp\/v2\/posts\/244\/revisions"}],"predecessor-version":[{"id":257,"href":"http:\/\/trentengermusek.org\/new\/wp-json\/wp\/v2\/posts\/244\/revisions\/257"}],"wp:featuredmedia":[{"embeddable":true,"href":"http:\/\/trentengermusek.org\/new\/wp-json\/wp\/v2\/media\/248"}],"wp:attachment":[{"href":"http:\/\/trentengermusek.org\/new\/wp-json\/wp\/v2\/media?parent=244"}],"wp:term":[{"taxonomy":"category","embeddable":true,"href":"http:\/\/trentengermusek.org\/new\/wp-json\/wp\/v2\/categories?post=244"},{"taxonomy":"post_tag","embeddable":true,"href":"http:\/\/trentengermusek.org\/new\/wp-json\/wp\/v2\/tags?post=244"}],"curies":[{"name":"wp","href":"https:\/\/api.w.org\/{rel}","templated":true}]}}